{"id":2761,"date":"2022-09-26T14:10:14","date_gmt":"2022-09-26T12:10:14","guid":{"rendered":"http:\/\/colllearning.info\/CISHE\/?p=2761"},"modified":"2022-09-26T14:10:14","modified_gmt":"2022-09-26T12:10:14","slug":"quelles-generations-apres-z","status":"publish","type":"post","link":"http:\/\/colllearning.info\/CISHE\/quelles-generations-apres-z\/","title":{"rendered":"Quelles g\u00e9n\u00e9rations apr\u00e8s Z\u00a0?"},"content":{"rendered":"\n<p>La\u00a0g\u00e9n\u00e9ration silencieuse s\u2019\u00e9tend de 1925 \u00e0 1944, baptis\u00e9e ainsi, du fait de son\u00a0caract\u00e8re fataliste et non revendicateur.<\/p>\n\n\n\n<p>N\u00e9s entre 1945 et 1960, les&nbsp;baby-boomers incarnent la g\u00e9n\u00e9ration du renouveau. Cette&nbsp;g\u00e9n\u00e9ration d\u2019apr\u00e8s-guerre&nbsp;ne conna\u00eet pas de probl\u00e8mes d\u2019emploi et \u00e9volue dans un contexte \u00e9conomique favorable.<\/p>\n\n\n\n<p>La&nbsp;g\u00e9n\u00e9ration X court de 1961 \u00e0 1979. Cette appellation peu valorisante renvoie \u00e0 la difficult\u00e9 qu\u2019a cette g\u00e9n\u00e9ration \u00e0 se positionner. Elle se caract\u00e9rise par un effondrement de la natalit\u00e9, en comparaison \u00e0 la g\u00e9n\u00e9ration des baby-boomers.<\/p>\n\n\n\n<p>G\u00e9n\u00e9ration Y. Dans les&nbsp;ann\u00e9es 1980 \u00e0 1995, la g\u00e9n\u00e9ration Y, \u00e9galement appel\u00e9e \u00ab&nbsp;g\u00e9n\u00e9ration mill\u00e9nium&nbsp;\u00bb, est en qu\u00eate d\u2019un&nbsp;\u00e9quilibre entre vie personnelle et vie professionnelle. Cette g\u00e9n\u00e9ration,&nbsp;davantage choy\u00e9e par ses parents, a&nbsp;la conviction d\u2019\u00eatre toute puissante. Elle est exigeante, veut tout tout de suite, notamment en entreprise o\u00f9 elle n\u2019h\u00e9site pas \u00e0 partir d\u00e8s que cela&nbsp;ne&nbsp;lui convient plus.<\/p>\n\n\n\n<p>G\u00e9n\u00e9ration Z.&nbsp;N\u00e9e \u00e0 partir des ann\u00e9es 1996, cette&nbsp;g\u00e9n\u00e9ration est au c\u0153ur des plus importantes avanc\u00e9es technologiques, notamment en termes de communication. Internet et les r\u00e9seaux sociaux sont au centre de sa vie. Elle est hyper connect\u00e9e, et ce d\u00e8s son plus jeune \u00e2ge. Cette g\u00e9n\u00e9ration est caract\u00e9ris\u00e9e par un&nbsp;manque d\u2019int\u00e9r\u00eat et de confiance \u00e0 l\u2019\u00e9gard des institutions.&nbsp;Extrait&nbsp;<a href=\"https:\/\/www.seniors-mag.com\/actu\/l-evolution-des-generations-de-1925-a-aujourd-hui-2702201885\" target=\"_blank\" rel=\"noreferrer noopener\">https:\/\/www.seniors-mag.com\/actu\/l-evolution-des-generations-de-1925-a-aujourd-hui-2702201885<\/a><\/p>\n\n\n\n<p>Mes arri\u00e8re petits-enfants seraient la g\u00e9n\u00e9ration Alpha*,&nbsp;2015&nbsp;:&nbsp;les Alpha naissent DANS le num\u00e9rique. Selon une \u00e9tude am\u00e9ricaine, plus des&nbsp;3\/4&nbsp;des enfants de 2 ans ont d\u00e9j\u00e0 test\u00e9 des jeux vid\u00e9o ou des applis sur un smartphone.&nbsp;Les Alpha ne consid\u00e8rent pas ces technologies comme des outils, mais les int\u00e8grent singuli\u00e8rement \u00e0 leur vie.&nbsp;Le clavier d\u2019ordinateur, c\u2019est fini, ils n\u2019utilisent que des surfaces tactiles, demain des lunettes, peut-\u00eatre des lentilles et m\u00eame des tatouages connect\u00e9s. Connect\u00e9 \u00e0 quoi ? Eh bien \u00e0 tout, puisqu\u2019on bascule aujourd\u2019hui vers ce que les Am\u00e9ricains appellent \u00ab&nbsp;<em>internet of everything<\/em>&nbsp;\u00bb, \u00ab l&rsquo;internet de tout \u00bb, un monde o\u00f9 tout sera en r\u00e9seau, de la maison \u00e0&nbsp;la&nbsp;voiture en passant par le frigo et m\u00eames les jouets.&nbsp;Les Alpha seront donc les premiers \u00e0 ne pas conna\u00eetre ce qu\u2019est la vie d\u00e9connect\u00e9e\u2026Extrait de&nbsp;France Inter Vivement demain 12-02-2017.<\/p>\n\n\n\n<p>Cette g\u00e9n\u00e9ration alpha est \u00e9galement appel\u00e9e \u00ab&nbsp;G\u00e9n\u00e9ration Verre&nbsp;\u00bb. En effet, ces individus sont n\u00e9s au m\u00eame moment que le lancement de l\u2019iPad et d\u2019Instagram. Selon Mark McCrindle** elle \u00ab&nbsp;sera la g\u00e9n\u00e9ration la plus instruite, la plus connect\u00e9e et, globalement, la plus riche de tous les temps&nbsp;\u00bb. La r\u00e9volution est en marche puisque le chercheur estime que \u00ab&nbsp;chaque semaine, environ 2,5 millions d\u2019alpha viennent au monde.&nbsp;\u00bb Michel Serres, quant \u00e0 lui, parle de&nbsp;\u00ab troisi\u00e8me r\u00e9volution anthropologique majeure de l\u2019humanit\u00e9 \u00bb.<\/p>\n\n\n\n<p>Les r\u00f4les et la place possibles des retrait\u00e9s dans la soci\u00e9t\u00e9***sont, parmi les plus essentielles, de guider les plus jeunes, les inviter \u00e0 d\u00e9velopper ce que nous avons r\u00e9ussi, \u00e9viter qu\u2019ils reproduisent nos erreurs.<\/p>\n\n\n\n<p>Notre Coll\u00e8ge International des Seniors. Harmattan, peut-il rester hors ce travail \u00e0 mener&nbsp;? Maintenir les liens d\u2019amour et d\u2019amiti\u00e9s entre cinq g\u00e9n\u00e9rations, celle de 60 \u00e0 celle de 2020&nbsp;?<\/p>\n\n\n\n<p>Sommes-nous conscients de la vie des \u00ab\u00a0alpha\u00a0\u00bb dans la soci\u00e9t\u00e9 des \u00ab\u00a0alpha\u00a0\u00bb\u2026 o\u00f9 nous serons encore responsables\u2026<\/p>\n\n\n\n<p>Dites-moi comment vous entendez votre participation personnelle, car l\u2019un des objectifs des associations est bien que nous nous accompagnons dans le bien vivre longtemps ensemble, que ce soit par le sport, les arts, la culture, les promenades, les chansons\u2026<br>Amiti\u00e9 \u00e0 toutes et tous.<\/p>\n\n\n\n<p class=\"has-text-align-right\">Pierre,<br>retrait\u00e9 professionnel.<\/p>\n\n\n\n<p>* Alpha&nbsp;: premi\u00e8re lettre de l\u2019alphabet grec<\/p>\n\n\n\n<p>** Mark McCrindle&nbsp;chercheur en sciences sociales australien qui propose de puiser dans tout l\u2019alphabet grec pour estampiller les pousses du futur.<\/p>\n\n\n\n<p>*** Je reviens au titre de mes deux m\u00e9moires de DU.<\/p>\n","protected":false},"excerpt":{"rendered":"<p>La\u00a0g\u00e9n\u00e9ration silencieuse s\u2019\u00e9tend de 1925 \u00e0 1944, baptis\u00e9e ainsi, du fait de son\u00a0caract\u00e8re fataliste et non revendicateur. N\u00e9s entre 1945 [&hellip;]<\/p>\n","protected":false},"author":1,"featured_media":0,"comment_status":"open","ping_status":"open","sticky":false,"template":"","format":"standard","meta":{"site-sidebar-layout":"default","site-content-layout":"","ast-site-content-layout":"default","site-content-style":"default","site-sidebar-style":"default","ast-global-header-display":"","ast-banner-title-visibility":"","ast-main-header-display":"","ast-hfb-above-header-display":"","ast-hfb-below-header-display":"","ast-hfb-mobile-header-display":"","site-post-title":"","ast-breadcrumbs-content":"","ast-featured-img":"","footer-sml-layout":"","ast-disable-related-posts":"","theme-transparent-header-meta":"","adv-header-id-meta":"","stick-header-meta":"","header-above-stick-meta":"","header-main-stick-meta":"","header-below-stick-meta":"","astra-migrate-meta-layouts":"default","ast-page-background-enabled":"default","ast-page-background-meta":{"desktop":{"background-color":"var(--ast-global-color-5)","background-image":"","background-repeat":"repeat","background-position":"center center","background-size":"auto","background-attachment":"scroll","background-type":"","background-media":"","overlay-type":"","overlay-color":"","overlay-opacity":"","overlay-gradient":""},"tablet":{"background-color":"","background-image":"","background-repeat":"repeat","background-position":"center center","background-size":"auto","background-attachment":"scroll","background-type":"","background-media":"","overlay-type":"","overlay-color":"","overlay-opacity":"","overlay-gradient":""},"mobile":{"background-color":"","background-image":"","background-repeat":"repeat","background-position":"center center","background-size":"auto","background-attachment":"scroll","background-type":"","background-media":"","overlay-type":"","overlay-color":"","overlay-opacity":"","overlay-gradient":""}},"ast-content-background-meta":{"desktop":{"background-color":"var(--ast-global-color-4)","background-image":"","background-repeat":"repeat","background-position":"center center","background-size":"auto","background-attachment":"scroll","background-type":"","background-media":"","overlay-type":"","overlay-color":"","overlay-opacity":"","overlay-gradient":""},"tablet":{"background-color":"var(--ast-global-color-4)","background-image":"","background-repeat":"repeat","background-position":"center center","background-size":"auto","background-attachment":"scroll","background-type":"","background-media":"","overlay-type":"","overlay-color":"","overlay-opacity":"","overlay-gradient":""},"mobile":{"background-color":"var(--ast-global-color-4)","background-image":"","background-repeat":"repeat","background-position":"center center","background-size":"auto","background-attachment":"scroll","background-type":"","background-media":"","overlay-type":"","overlay-color":"","overlay-opacity":"","overlay-gradient":""}},"h5ap_radio_sources":[],"footnotes":""},"categories":[3],"tags":[],"class_list":["post-2761","post","type-post","status-publish","format-standard","hentry","category-informatin"],"_links":{"self":[{"href":"http:\/\/colllearning.info\/CISHE\/wp-json\/wp\/v2\/posts\/2761","targetHints":{"allow":["GET"]}}],"collection":[{"href":"http:\/\/colllearning.info\/CISHE\/wp-json\/wp\/v2\/posts"}],"about":[{"href":"http:\/\/colllearning.info\/CISHE\/wp-json\/wp\/v2\/types\/post"}],"author":[{"embeddable":true,"href":"http:\/\/colllearning.info\/CISHE\/wp-json\/wp\/v2\/users\/1"}],"replies":[{"embeddable":true,"href":"http:\/\/colllearning.info\/CISHE\/wp-json\/wp\/v2\/comments?post=2761"}],"version-history":[{"count":1,"href":"http:\/\/colllearning.info\/CISHE\/wp-json\/wp\/v2\/posts\/2761\/revisions"}],"predecessor-version":[{"id":2762,"href":"http:\/\/colllearning.info\/CISHE\/wp-json\/wp\/v2\/posts\/2761\/revisions\/2762"}],"wp:attachment":[{"href":"http:\/\/colllearning.info\/CISHE\/wp-json\/wp\/v2\/media?parent=2761"}],"wp:term":[{"taxonomy":"category","embeddable":true,"href":"http:\/\/colllearning.info\/CISHE\/wp-json\/wp\/v2\/categories?post=2761"},{"taxonomy":"post_tag","embeddable":true,"href":"http:\/\/colllearning.info\/CISHE\/wp-json\/wp\/v2\/tags?post=2761"}],"curies":[{"name":"wp","href":"https:\/\/api.w.org\/{rel}","templated":true}]}}