{"id":2658,"date":"2022-07-12T11:48:11","date_gmt":"2022-07-12T09:48:11","guid":{"rendered":"http:\/\/colllearning.info\/CISHE\/?p=2658"},"modified":"2022-07-12T11:48:11","modified_gmt":"2022-07-12T09:48:11","slug":"leau-et-la-vie-1-vieux-et-societe","status":"publish","type":"post","link":"http:\/\/colllearning.info\/CISHE\/leau-et-la-vie-1-vieux-et-societe\/","title":{"rendered":"L\u2019eau et la vie (1), vieux et soci\u00e9t\u00e9\u00a0!"},"content":{"rendered":"\n<p><em>\u00abEt puis un jour l\u2019eau vint \u00e0 manquer. On n\u2019avait pas voulu y croire. On avait repouss\u00e9 le moment o\u00f9 il aurait fallu affronter cette r\u00e9alit\u00e9. Enfin\u2026 \u00abon\u00bb\u2026 en tout cas \u00abnous\u00bb -car c\u2019est bien du collectif dont il s\u2019agit- savions&#8230;\u00bb<\/em><\/p>\n\n\n\n<p>Premi\u00e8res lignes de l\u2019\u00c9dito de Val\u00e9rie Abrial Directrice \u00e9ditorial de T 10, <em>La revue de la Tribune<\/em>, juin 2022 \u00ab&nbsp;Pourquoi faut-il sauver l\u2019eau&nbsp;?&nbsp;\u00bb<\/p>\n\n\n\n<p>J\u2019ai l\u2019envie de reprendre ces lignes dans le contexte de mon travail sur les cons\u00e9quences d\u2019un long temps de vieillissement.<\/p>\n\n\n\n<p>\u00abEt puis un jour, \u00abla politique du grand \u00e2ge\u00bb vint \u00e0 manquer. On n\u2019avait pas voulu y croire. On avait repouss\u00e9 le moment o\u00f9 il aurait fallu penser une population toujours plus nombreuse et plus \u00e2g\u00e9e, o\u00f9 les probl\u00e8mes de vieillissement s\u2019aggraveraient. Enfin \u2026 \u00abon\u00bb \u2026 en tout cas \u00abnous\u00bb -car c\u2019est bien du collectif des <em>boomers<\/em> actuels dont il s\u2019agit- savions\u2026 que nous serions, en 2022, environ 15 millions(2) de citoyennes et citoyens, n\u00e9s apr\u00e8s la seconde guerre mondiale, une majorit\u00e9 d\u2019entre eux en bonne sant\u00e9 et autonome.<\/p>\n\n\n\n<p>Entreprendre aujourd\u2019hui en regardant les r\u00e9alit\u00e9s en face&nbsp;: nous vieillissons 20 ann\u00e9es de plus que nos parents, que faisons-nous de ce temps&nbsp;?<\/p>\n\n\n\n<p>Lors de mon entr\u00e9e en situation de retraite, 1997, j\u2019ai esp\u00e9r\u00e9 trente, quarante ann\u00e9es de vie heureuse entour\u00e9e de ma famille, de mes amis, dans un projet de vie construit. C\u2019\u00e9tait motivant.<\/p>\n\n\n\n<p>Ces vingt-cinq premi\u00e8res ann\u00e9es pass\u00e9es en bonne sant\u00e9, je les ai entreprises comme une nouvelle carri\u00e8re professionnelle, et j\u2019envisage les quinze prochaines avec la m\u00eame confiance et s\u00e9r\u00e9nit\u00e9. Je serai centenaire.<\/p>\n\n\n\n<p>Nous avons les promesses d\u2019une \u00abLoi grand \u00e2ge\u00bb qui ne demande qu\u2019\u00e0 approuver et reconna\u00eetre ces <em>boomers<\/em> qui servent la soci\u00e9t\u00e9 en France et au-del\u00e0, en demeurant int\u00e9gr\u00e9s, engag\u00e9s, initiateurs de projets dans les associations et organisations humanitaires, culturelles, sociales, dans les responsabilit\u00e9s sur leur territoire (Mairie, Communaut\u00e9 de communes\u2026), aupr\u00e8s de cette quatri\u00e8me g\u00e9n\u00e9ration(3) que sont les parents des <em>boomers<\/em>&nbsp;!<\/p>\n\n\n\n<p>Toujours plus \u00e2g\u00e9s et plus nombreux, la preuve est apport\u00e9e&nbsp;: le nombre des plus de 85 ans passera de 4&nbsp;% aujourd\u2019hui, \u00e0 8&nbsp;% en 2070&nbsp;; 1100 centenaires en 1975, 22000 aujourd\u2019hui, il pourrait \u00eatre de 270 000 en 2070 \u2026 dont mes enfants.<\/p>\n\n\n\n<p>Anticiper&nbsp;: une n\u00e9cessit\u00e9, une obligation.<\/p>\n\n\n\n<p>Quelle politique&nbsp;? Elle doit se construire sur une soci\u00e9t\u00e9 de pr\u00e9vention o\u00f9 la perte d\u2019autonomie n\u2019est pas in\u00e9luctable, o\u00f9 l\u2019usage des technologies est adapt\u00e9 aux besoins, o\u00f9 l\u2019isolement est combattu dans une solidarit\u00e9 responsable.<\/p>\n\n\n\n<p>Nous connaissons nos r\u00e9ussites, nous avons conscience de nos erreurs, il nous appartient d\u2019inviter nos enfants, d\u00e8s aujourd\u2019hui, \u00e0 construire leur long temps de vieillissement. Ce n\u2019est plus une histoire de famille d\u2019aidants b\u00e9n\u00e9voles, c\u2019est l\u2019ouverture de formations n\u00e9cessaires et indispensables pour de nouvelles professions, de nouvelles responsabilit\u00e9s, nouvelles relations entre quatre, cinq g\u00e9n\u00e9rations. Construisons, aujourd\u2019hui, la soci\u00e9t\u00e9 qui ne g\u00e8re plus le d\u00e9clin, mais qui accompagne professionnellement un long temps de vieillissement dans la dignit\u00e9(4).<\/p>\n\n\n\n<p>Derniers v\u0153ux pour une soci\u00e9t\u00e9 plus \u00e2g\u00e9e&nbsp;: une politique qui conna\u00eet, reconna\u00eet, les engagements des a\u00een\u00e9s dans des activit\u00e9s d\u2019utilit\u00e9 sociale, au-del\u00e0 du seul b\u00e9n\u00e9volat, la bonne volont\u00e9 ne suffit. Je l\u2019affirme d\u2019autant plus ais\u00e9ment que c\u2019est la politique que j\u2019ai choisie, dont je suis enti\u00e8rement satisfait&nbsp;: retrait\u00e9 professionnel, b\u00e9n\u00e9vole.<\/p>\n\n\n\n<p>\u2026&nbsp;<em>et la politique du bien vieillir longtemps s\u2019est mise en place en place en 2022, nous sommes en 2070, notre soci\u00e9t\u00e9 est un exemple pour le monde&nbsp;!<\/em><\/p>\n\n\n\n<p class=\"has-text-align-right\">Pierre Caro<br>retrait\u00e9 professionnel<\/p>\n\n\n\n<p>(1) J\u2019aurai pu ajouter l\u2019air, la terre, le soleil \u2026 indispensables \u00e0 notre vie.<\/p>\n\n\n\n<p>(2) Des chiffres connus de tous&nbsp;: 20 millions et 24 millions en 2030 et 2050. Les plus de 85 ans, 1,4 million en 2021, 5 millions en 2060. Seuls 8% des plus de 60 ans sont d\u00e9pendants et 1 personne de plus de 85 ans sur 5 (20%). <a href=\"http:\/\/solidarites-sante.gouv.fr\/\" target=\"_blank\" rel=\"noreferrer noopener\">solidarites-sante.gouv.fr<\/a><\/p>\n\n\n\n<p>(3) ATD Quart Monde, Emma\u00fcs, Handicap&nbsp;International, M\u00e9decins sans fronti\u00e8res, Croix Rouge, Secours Populaire, SOS enfants\u2026 pour n\u2019en citer que quelques unes.<\/p>\n\n\n\n<p>(4) Comme le pr\u00e9cise la Drees en pr\u00e9ambule de son&nbsp;<a href=\"https:\/\/drees.solidarites-sante.gouv.fr\/publications\/etudes-et-resultats\/en-2020-lesperance-de-vie-sans-incapacite-65-ans-est-de-121-ans\" target=\"_blank\" rel=\"noreferrer noopener\">\u00e9tude publi\u00e9e en octobre 2021<\/a>&nbsp;: \u00ab\u00a0<em>l\u2019esp\u00e9rance de vie sans incapacit\u00e9 correspond au nombre d\u2019ann\u00e9es que peut esp\u00e9rer vivre une personne sans \u00eatre limit\u00e9e dans ses activit\u00e9s quotidiennes<\/em>\u00ab\u00a0.<\/p>\n","protected":false},"excerpt":{"rendered":"<p>\u00abEt puis un jour l\u2019eau vint \u00e0 manquer. On n\u2019avait pas voulu y croire. On avait repouss\u00e9 le moment o\u00f9 [&hellip;]<\/p>\n","protected":false},"author":1,"featured_media":0,"comment_status":"open","ping_status":"open","sticky":false,"template":"","format":"standard","meta":{"site-sidebar-layout":"default","site-content-layout":"","ast-site-content-layout":"default","site-content-style":"default","site-sidebar-style":"default","ast-global-header-display":"","ast-banner-title-visibility":"","ast-main-header-display":"","ast-hfb-above-header-display":"","ast-hfb-below-header-display":"","ast-hfb-mobile-header-display":"","site-post-title":"","ast-breadcrumbs-content":"","ast-featured-img":"","footer-sml-layout":"","ast-disable-related-posts":"","theme-transparent-header-meta":"","adv-header-id-meta":"","stick-header-meta":"","header-above-stick-meta":"","header-main-stick-meta":"","header-below-stick-meta":"","astra-migrate-meta-layouts":"default","ast-page-background-enabled":"default","ast-page-background-meta":{"desktop":{"background-color":"var(--ast-global-color-5)","background-image":"","background-repeat":"repeat","background-position":"center center","background-size":"auto","background-attachment":"scroll","background-type":"","background-media":"","overlay-type":"","overlay-color":"","overlay-opacity":"","overlay-gradient":""},"tablet":{"background-color":"","background-image":"","background-repeat":"repeat","background-position":"center center","background-size":"auto","background-attachment":"scroll","background-type":"","background-media":"","overlay-type":"","overlay-color":"","overlay-opacity":"","overlay-gradient":""},"mobile":{"background-color":"","background-image":"","background-repeat":"repeat","background-position":"center center","background-size":"auto","background-attachment":"scroll","background-type":"","background-media":"","overlay-type":"","overlay-color":"","overlay-opacity":"","overlay-gradient":""}},"ast-content-background-meta":{"desktop":{"background-color":"var(--ast-global-color-4)","background-image":"","background-repeat":"repeat","background-position":"center center","background-size":"auto","background-attachment":"scroll","background-type":"","background-media":"","overlay-type":"","overlay-color":"","overlay-opacity":"","overlay-gradient":""},"tablet":{"background-color":"var(--ast-global-color-4)","background-image":"","background-repeat":"repeat","background-position":"center center","background-size":"auto","background-attachment":"scroll","background-type":"","background-media":"","overlay-type":"","overlay-color":"","overlay-opacity":"","overlay-gradient":""},"mobile":{"background-color":"var(--ast-global-color-4)","background-image":"","background-repeat":"repeat","background-position":"center center","background-size":"auto","background-attachment":"scroll","background-type":"","background-media":"","overlay-type":"","overlay-color":"","overlay-opacity":"","overlay-gradient":""}},"h5ap_radio_sources":[],"footnotes":""},"categories":[11],"tags":[],"class_list":["post-2658","post","type-post","status-publish","format-standard","hentry","category-document"],"_links":{"self":[{"href":"http:\/\/colllearning.info\/CISHE\/wp-json\/wp\/v2\/posts\/2658","targetHints":{"allow":["GET"]}}],"collection":[{"href":"http:\/\/colllearning.info\/CISHE\/wp-json\/wp\/v2\/posts"}],"about":[{"href":"http:\/\/colllearning.info\/CISHE\/wp-json\/wp\/v2\/types\/post"}],"author":[{"embeddable":true,"href":"http:\/\/colllearning.info\/CISHE\/wp-json\/wp\/v2\/users\/1"}],"replies":[{"embeddable":true,"href":"http:\/\/colllearning.info\/CISHE\/wp-json\/wp\/v2\/comments?post=2658"}],"version-history":[{"count":1,"href":"http:\/\/colllearning.info\/CISHE\/wp-json\/wp\/v2\/posts\/2658\/revisions"}],"predecessor-version":[{"id":2659,"href":"http:\/\/colllearning.info\/CISHE\/wp-json\/wp\/v2\/posts\/2658\/revisions\/2659"}],"wp:attachment":[{"href":"http:\/\/colllearning.info\/CISHE\/wp-json\/wp\/v2\/media?parent=2658"}],"wp:term":[{"taxonomy":"category","embeddable":true,"href":"http:\/\/colllearning.info\/CISHE\/wp-json\/wp\/v2\/categories?post=2658"},{"taxonomy":"post_tag","embeddable":true,"href":"http:\/\/colllearning.info\/CISHE\/wp-json\/wp\/v2\/tags?post=2658"}],"curies":[{"name":"wp","href":"https:\/\/api.w.org\/{rel}","templated":true}]}}