{"id":1958,"date":"2020-10-28T17:57:11","date_gmt":"2020-10-28T16:57:11","guid":{"rendered":"http:\/\/colllearning.info\/CISHE\/?p=1958"},"modified":"2021-06-23T11:24:11","modified_gmt":"2021-06-23T09:24:11","slug":"les-cahiers-du-cis-h-no-1","status":"publish","type":"post","link":"http:\/\/colllearning.info\/CISHE\/les-cahiers-du-cis-h-no-1\/","title":{"rendered":"Les Cahiers du CIS.H, no 1"},"content":{"rendered":"\n<div class=\"wp-block-image\"><figure class=\"aligncenter size-large\"><img fetchpriority=\"high\" decoding=\"async\" width=\"484\" height=\"698\" src=\"http:\/\/colllearning.info\/CISHE\/wp-content\/uploads\/2020\/10\/image.png\" alt=\"\" class=\"wp-image-1961\" srcset=\"http:\/\/colllearning.info\/CISHE\/wp-content\/uploads\/2020\/10\/image.png 484w, http:\/\/colllearning.info\/CISHE\/wp-content\/uploads\/2020\/10\/image-208x300.png 208w\" sizes=\"(max-width: 484px) 100vw, 484px\" \/><\/figure><\/div>\n\n\n\n<p>D\u00e8s l\u2019origine en 2018, le Coll\u00e8ge international des seniors l\u2019Harmattan (CIS.H) s\u2019\u00e9tait fix\u00e9 un objectif majeur&nbsp;: la cr\u00e9ation d\u2019une revue, les cahiers du CIS.H, avec deux parutions par an. Le premier num\u00e9ro vient de para\u00eetre le 26 octobre. Pr\u00e9c\u00e9d\u00e9 de l\u2019\u00e9ditorial de Michel Bernard, ce num\u00e9ro propose aux lecteurs un dossier central, sur le th\u00e8me \u00ab&nbsp;Transmissions et transitions&nbsp;\u00bb suivi d\u2019un volet international avec des articles de nos correspondants en Afrique, en Inde et en Am\u00e9rique latine. Il est compl\u00e9t\u00e9 par une rubrique \u00ab&nbsp;Champs libres&nbsp;\u00bb et les actualit\u00e9s du coll\u00e8ge.<\/p>\n\n\n\n<p><a href=\"https:\/\/www.editions-harmattan.fr\/index.asp?navig=catalogue&amp;obj=livre&amp;no=67171\">https:\/\/www.editions-harmattan.fr\/index.asp?navig=catalogue&amp;obj=livre&amp;no=67171<\/a><\/p>\n\n\n\n<p>TABLE DES MATI\u00c8RES<br>\u00c9DITORIAL &#8230;&#8230;..\u2026\u2026\u2026\u2026\u2026\u2026\u2026\u2026\u2026\u2026\u2026\u2026\u2026\u2026\u2026\u2026\u2026\u2026\u2026\u2026\u2026\u2026\u2026\u2026\u2026\u2026\u2026\u2026\u2026\u2026. 7<br>Michel Bernard<br><em>La Collection du Coll\u00e8ge : les premiers livres<\/em> \u2026\u2026\u2026\u2026\u2026\u2026\u2026\u2026\u2026\u2026\u2026\u2026.. 11<br><em>Entretien avec Herv\u00e9 Cochet<\/em> \u2026\u2026\u2026\u2026\u2026\u2026\u2026\u2026\u2026\u2026\u2026\u2026\u2026\u2026\u2026\u2026\u2026\u2026\u2026\u2026\u2026.. 15<br>DOSSIER<br>TRANSMISSIONS ET TRANSITIONS \u2026\u2026\u2026\u2026\u2026\u2026\u2026\u2026\u2026\u2026\u2026&#8230;&#8230;..\u2026\u2026\u2026. 19<br><em>Introduction g\u00e9n\u00e9rale<\/em> ..\u2026\u2026\u2026\u2026\u2026\u2026\u2026\u2026\u2026\u2026\u2026\u2026\u2026\u2026\u2026\u2026\u2026\u2026\u2026\u2026\u2026\u2026\u2026\u2026\u2026. 21<br>Nicolas Quillet<br><em>De la transmission orale \u00e0 la transmission \u00e9lectronique :<br>les modes de transmission du savoir<\/em> \u2026\u2026\u2026\u2026\u2026\u2026\u2026\u2026\u2026\u2026\u2026\u2026\u2026\u2026\u2026\u2026\u2026 33<br>Didier B\u00e9outis<br><em>La Transmission et la Transition.<br>Un plaidoyer pour des attitudes nouvelles<\/em> \u2026\u2026\u2026\u2026\u2026\u2026\u2026\u2026\u2026\u2026\u2026\u2026\u2026\u202649<br>Marc Sol\u00e9ry<br><em>Seniors, transmission, libert\u00e9 ! <\/em>\u2026\u2026\u2026\u2026\u2026\u2026\u2026\u2026\u2026\u2026\u2026\u2026\u2026\u2026\u2026\u2026\u2026\u2026\u2026\u2026.. 59<br>Guy Soudjian<br><em>L\u2019emploi des seniors<\/em> \u2026\u2026\u2026\u2026\u2026\u2026\u2026\u2026\u2026\u2026\u2026\u2026\u2026\u2026\u2026\u2026\u2026\u2026\u2026\u2026\u2026\u2026\u2026\u2026\u2026\u2026 71<br>Nicolas Quillet<br><em>Transmission et transition dans le monde du travail <\/em>\u2026\u2026\u2026\u2026\u2026\u2026\u2026. 77<br>Agn\u00e8s Besnard<br><em>Bibliographie<\/em> \u2026\u2026\u2026\u2026\u2026\u2026\u2026\u2026\u2026\u2026\u2026\u2026\u2026\u2026\u2026\u2026\u2026\u2026\u2026\u2026\u2026\u2026\u2026\u2026\u2026\u2026\u2026\u2026\u2026.. 87<br><br>VOLET INTERNATIONAL<br>EUROPE<br><em>Une Europe plus d\u00e9mocratique serait aussi socialement plus efficace<\/em> &#8230;&#8230;&#8230;&#8230;&#8230;&#8230;&#8230;&#8230;&#8230;&#8230;&#8230;&#8230;&#8230;&#8230;&#8230;&#8230;&#8230;&#8230;&#8230;&#8230;&#8230;&#8230;&#8230;&#8230;&#8230;&#8230;&#8230;&#8230;&#8230;&#8230;&#8230;&#8230;&#8230;&#8230;&#8230;&#8230;&#8230;&#8230;.. 93<br>Renaud Denuit<br>AFRIQUE<br><em>O\u00f9 va l\u2019Afrique ?<\/em> \u2026\u2026\u2026\u2026\u2026\u2026\u2026\u2026\u2026\u2026\u2026\u2026\u2026\u2026\u2026\u2026\u2026\u2026\u2026\u2026\u2026\u2026\u2026\u2026\u2026\u2026\u2026. 97<br>Interview de Julie Amegnignon<br>INDE<br><em>L\u2019Inde comme partenaire strat\u00e9gique majeur de la France<\/em> \u2026\u2026\u2026 103<br>Indra Kumar<br><em>La situation des seniors en Inde<\/em> \u2026\u2026\u2026\u2026\u2026\u2026\u2026\u2026\u2026\u2026\u2026\u2026\u2026\u2026\u2026\u2026\u2026\u2026\u2026. 109<br>Indra Kumar<br>AM\u00c9RIQUE LATINE<br><em>Les nouvelles conditions de la production cin\u00e9matographique<br>en Am\u00e9rique latine<\/em> \u2026\u2026\u2026\u2026\u2026\u2026\u2026\u2026\u2026\u2026\u2026\u2026\u2026\u2026\u2026\u2026\u2026\u2026\u2026\u2026\u2026\u2026\u2026\u2026\u2026\u2026 113<br>Sergio Sanjin\u00e9s Franck<br>MEXIQUE<br><em>Soci\u00e9t\u00e9 et culture, les d\u00e9fis<\/em> \u2026\u2026\u2026\u2026\u2026\u2026\u2026\u2026\u2026\u2026\u2026\u2026\u2026\u2026\u2026\u2026\u2026\u2026\u2026\u2026\u2026\u2026 119<br>Maria Eugenia S\u00e1nchez<br>CHAMPS LIBRES<br><em>Covid 19, stupeur et chambardements<\/em> \u2026\u2026\u2026\u2026\u2026\u2026\u2026\u2026\u2026\u2026\u2026\u2026\u2026\u2026\u2026 123<br>Mich\u00e8le Guillin Hurlin<br><em>Penser, r\u00e9agir, \u00e9crire\u2026 autrement : \u00ab \u00e9cologiser, s\u2019\u00e9cologiser\u2026 ?<\/em> \u00bb145<br>Herv\u00e9 Cochet<br>IMAGES\u2026 \u2026\u2026\u2026\u2026\u2026\u2026\u2026\u2026\u2026\u2026\u2026\u2026\u2026\u2026\u2026\u2026\u2026\u2026\u2026\u2026\u2026\u2026\u2026\u2026\u2026\u2026\u2026\u2026\u2026\u2026 151<br>Jean Rieucau, Mich\u00e8le Guillin-Hurlin<br>ACTUALIT\u00c9S<br><em>Le Coll\u00e8ge international des seniors entre dans sa 3e ann\u00e9e<\/em> \u2026. 157<br>Michel Bernard<br><br>ACTUALIT\u00c9S LITT\u00c9RAIRES DU COLL\u00c8GE<br><em>Un procureur de la R\u00e9publique de Paris\u2026 \u00ab aux ordres \u00bb \u2026 et des proc\u00e9dures judiciaires \u00ab douteuses <\/em>\u00bb \u2026\u2026\u2026&#8230;&#8230;&#8230;&#8230;&#8230;&#8230;&#8230;&#8230;&#8230;&#8230;&#8230;&#8230;&#8230;.\u2026 163<br>Armand Ajzenberg<br><em>La r\u00e9sistance spirituelle<\/em> \u2026\u2026\u2026\u2026\u2026\u2026\u2026\u2026\u2026\u2026\u2026\u2026\u2026\u2026\u2026\u2026\u2026\u2026\u2026\u2026\u2026\u2026\u2026.. 165<br>Norbert Calderaro<br>F<em>INIES les chatouilles !<\/em> \u2026\u2026\u2026\u2026\u2026\u2026\u2026\u2026\u2026\u2026\u2026\u2026\u2026\u2026\u2026\u2026\u2026\u2026\u2026\u2026\u2026\u2026\u2026. 167<br>Mich\u00e8le Bayar<\/p>\n","protected":false},"excerpt":{"rendered":"<p>D\u00e8s l\u2019origine en 2018, le Coll\u00e8ge international des seniors l\u2019Harmattan (CIS.H) s\u2019\u00e9tait fix\u00e9 un objectif majeur&nbsp;: la cr\u00e9ation d\u2019une revue, [&hellip;]<\/p>\n","protected":false},"author":1,"featured_media":0,"comment_status":"open","ping_status":"open","sticky":false,"template":"","format":"standard","meta":{"site-sidebar-layout":"default","site-content-layout":"","ast-site-content-layout":"default","site-content-style":"default","site-sidebar-style":"default","ast-global-header-display":"","ast-banner-title-visibility":"","ast-main-header-display":"","ast-hfb-above-header-display":"","ast-hfb-below-header-display":"","ast-hfb-mobile-header-display":"","site-post-title":"","ast-breadcrumbs-content":"","ast-featured-img":"","footer-sml-layout":"","ast-disable-related-posts":"","theme-transparent-header-meta":"","adv-header-id-meta":"","stick-header-meta":"","header-above-stick-meta":"","header-main-stick-meta":"","header-below-stick-meta":"","astra-migrate-meta-layouts":"default","ast-page-background-enabled":"default","ast-page-background-meta":{"desktop":{"background-color":"var(--ast-global-color-5)","background-image":"","background-repeat":"repeat","background-position":"center center","background-size":"auto","background-attachment":"scroll","background-type":"","background-media":"","overlay-type":"","overlay-color":"","overlay-opacity":"","overlay-gradient":""},"tablet":{"background-color":"","background-image":"","background-repeat":"repeat","background-position":"center center","background-size":"auto","background-attachment":"scroll","background-type":"","background-media":"","overlay-type":"","overlay-color":"","overlay-opacity":"","overlay-gradient":""},"mobile":{"background-color":"","background-image":"","background-repeat":"repeat","background-position":"center center","background-size":"auto","background-attachment":"scroll","background-type":"","background-media":"","overlay-type":"","overlay-color":"","overlay-opacity":"","overlay-gradient":""}},"ast-content-background-meta":{"desktop":{"background-color":"var(--ast-global-color-4)","background-image":"","background-repeat":"repeat","background-position":"center center","background-size":"auto","background-attachment":"scroll","background-type":"","background-media":"","overlay-type":"","overlay-color":"","overlay-opacity":"","overlay-gradient":""},"tablet":{"background-color":"var(--ast-global-color-4)","background-image":"","background-repeat":"repeat","background-position":"center center","background-size":"auto","background-attachment":"scroll","background-type":"","background-media":"","overlay-type":"","overlay-color":"","overlay-opacity":"","overlay-gradient":""},"mobile":{"background-color":"var(--ast-global-color-4)","background-image":"","background-repeat":"repeat","background-position":"center center","background-size":"auto","background-attachment":"scroll","background-type":"","background-media":"","overlay-type":"","overlay-color":"","overlay-opacity":"","overlay-gradient":""}},"h5ap_radio_sources":[],"footnotes":""},"categories":[3],"tags":[],"class_list":["post-1958","post","type-post","status-publish","format-standard","hentry","category-informatin"],"_links":{"self":[{"href":"http:\/\/colllearning.info\/CISHE\/wp-json\/wp\/v2\/posts\/1958","targetHints":{"allow":["GET"]}}],"collection":[{"href":"http:\/\/colllearning.info\/CISHE\/wp-json\/wp\/v2\/posts"}],"about":[{"href":"http:\/\/colllearning.info\/CISHE\/wp-json\/wp\/v2\/types\/post"}],"author":[{"embeddable":true,"href":"http:\/\/colllearning.info\/CISHE\/wp-json\/wp\/v2\/users\/1"}],"replies":[{"embeddable":true,"href":"http:\/\/colllearning.info\/CISHE\/wp-json\/wp\/v2\/comments?post=1958"}],"version-history":[{"count":6,"href":"http:\/\/colllearning.info\/CISHE\/wp-json\/wp\/v2\/posts\/1958\/revisions"}],"predecessor-version":[{"id":2200,"href":"http:\/\/colllearning.info\/CISHE\/wp-json\/wp\/v2\/posts\/1958\/revisions\/2200"}],"wp:attachment":[{"href":"http:\/\/colllearning.info\/CISHE\/wp-json\/wp\/v2\/media?parent=1958"}],"wp:term":[{"taxonomy":"category","embeddable":true,"href":"http:\/\/colllearning.info\/CISHE\/wp-json\/wp\/v2\/categories?post=1958"},{"taxonomy":"post_tag","embeddable":true,"href":"http:\/\/colllearning.info\/CISHE\/wp-json\/wp\/v2\/tags?post=1958"}],"curies":[{"name":"wp","href":"https:\/\/api.w.org\/{rel}","templated":true}]}}